{"id":772,"date":"2023-02-07T16:36:41","date_gmt":"2023-02-07T16:36:41","guid":{"rendered":"https:\/\/sustainableapprentices.eu\/2023\/02\/07\/reunion-de-evaluacion-intermedia-en-milan\/"},"modified":"2023-02-07T16:36:41","modified_gmt":"2023-02-07T16:36:41","slug":"reunion-de-evaluacion-intermedia-en-milan","status":"publish","type":"post","link":"https:\/\/sustainableapprentices.eu\/es\/2023\/02\/07\/reunion-de-evaluacion-intermedia-en-milan\/","title":{"rendered":"Reuni\u00f3n de evaluaci\u00f3n intermedia en Mil\u00e1n"},"content":{"rendered":"<div class=\"group w-full text-gray-800 dark:text-gray-100 border-b border-black\/10 dark:border-gray-900\/50 bg-gray-50 dark:bg-[#444654]\">\n<div class=\"text-base gap-4 md:gap-6 md:max-w-2xl lg:max-w-xl xl:max-w-3xl p-4 md:py-6 flex lg:px-0 m-auto\">\n<div class=\"relative flex w-[calc(100%-50px)] flex-col gap-1 md:gap-3 lg:w-[calc(100%-115px)]\">\n<div class=\"flex flex-grow flex-col gap-3\">\n<div class=\"min-h-[20px] flex flex-col items-start gap-4 whitespace-pre-wrap\">\n<div class=\"markdown prose w-full break-words dark:prose-invert dark\">\n<div class=\"flex-1 overflow-hidden\">\n<div class=\"react-scroll-to-bottom--css-icnkg-79elbk h-full dark:bg-gray-800\">\n<div class=\"react-scroll-to-bottom--css-icnkg-1n7m0yu\">\n<div class=\"flex flex-col items-center text-sm dark:bg-gray-800\">\n<div class=\"group w-full text-gray-800 dark:text-gray-100 border-b border-black\/10 dark:border-gray-900\/50 bg-gray-50 dark:bg-[#444654]\">\n<div class=\"text-base gap-4 md:gap-6 md:max-w-2xl lg:max-w-xl xl:max-w-3xl p-4 md:py-6 flex lg:px-0 m-auto\">\n<div class=\"relative flex w-[calc(100%-50px)] flex-col gap-1 md:gap-3 lg:w-[calc(100%-115px)]\">\n<div class=\"flex flex-grow flex-col gap-3\">\n<div class=\"min-h-[20px] flex flex-col items-start gap-4 whitespace-pre-wrap\">\n<div class=\"markdown prose w-full break-words dark:prose-invert dark\">\n<p>Los socios del proyecto Erasmus+ \u00abSustainable Apprentices\u00bb se reunieron en Mil\u00e1n, Italia, para la tercera reuni\u00f3n transnacional del proyecto, la segunda presencial, el 2 de febrero de 2023, organizada por los socios italianos, CSF.<\/p>\n<p>El objetivo de esta reuni\u00f3n era proceder a la evaluaci\u00f3n intermedia del proyecto con vistas a la evaluaci\u00f3n intermedia del SEPIE, la agencia nacional espa\u00f1ola encargada del proyecto. Los socios revisaron el estado actual de la plataforma Sustainable Apprentices de materiales de aprendizaje abierto online PR2 , incluidos los cursos de b-Learning y las actividades pr\u00e1cticas. Tambi\u00e9n respondieron a preguntas abiertas sobre el PR2. A continuaci\u00f3n, los socios debatieron el marco metodol\u00f3gico y tomaron una decisi\u00f3n conjunta sobre c\u00f3mo proceder.<\/p>\n<p>Los socios se pusieron al d\u00eda sobre el progreso de la evaluaci\u00f3n de la calidad, incluido el cuestionario de progreso del proyecto, el an\u00e1lisis DAFO y la evaluaci\u00f3n del primer resultado del proyecto: el plan de estudios ECVET. INQS, en su calidad de evaluador interno, ofreci\u00f3 una visi\u00f3n general de la situaci\u00f3n actual del Informe Intermedio sobre Calidad. A continuaci\u00f3n, los socios debatieron los esfuerzos de difusi\u00f3n, incluidos los informes provisionales de difusi\u00f3n y los boletines informativos.<\/p>\n<p>Durante la reuni\u00f3n, los socios tambi\u00e9n revisaron y actualizaron el estado actual del Informe Intermedio, incluidos los informes financieros y el informe narrativo. La reuni\u00f3n finaliz\u00f3 con una sesi\u00f3n de preguntas y respuestas y una decisi\u00f3n conjunta sobre los pr\u00f3ximos pasos y plazos, incluida la celebraci\u00f3n de la cuarta reuni\u00f3n sobre la organizaci\u00f3n de la fase de piloto, que acoger\u00e1 el Gobierno de Estambul en Turqu\u00eda en junio de 2023.<\/p>\n<\/div>\n<\/div>\n<\/div>\n<\/div>\n<\/div>\n<\/div>\n<\/div>\n<\/div>\n<\/div>\n<\/div>\n<\/div>\n<\/div>\n<\/div>\n<\/div>\n<\/div>\n<\/div>\n","protected":false},"excerpt":{"rendered":"<p>Los socios del proyecto Erasmus+ \u00abSustainable Apprentices\u00bb se reunieron en Mil\u00e1n, Italia, para la tercera reuni\u00f3n transnacional del proyecto, la segunda presencial, el 2 de febrero de 2023, organizada por los socios italianos, CSF. El objetivo de esta reuni\u00f3n era proceder a la evaluaci\u00f3n intermedia del proyecto con vistas a la evaluaci\u00f3n intermedia del SEPIE, la agencia nacional espa\u00f1ola encargada del proyecto. Los socios revisaron el estado actual de la plataforma Sustainable Apprentices de materiales de aprendizaje abierto online PR2 , incluidos los cursos de b-Learning y las actividades pr\u00e1cticas. Tambi\u00e9n respondieron a preguntas abiertas sobre el PR2. A continuaci\u00f3n, los socios debatieron el marco metodol\u00f3gico y tomaron una decisi\u00f3n conjunta sobre c\u00f3mo proceder. Los socios se pusieron al d\u00eda sobre el progreso de la evaluaci\u00f3n de la calidad, incluido el cuestionario de progreso del proyecto, el an\u00e1lisis DAFO y la evaluaci\u00f3n del primer resultado del proyecto: el plan de estudios ECVET. INQS, en su calidad de evaluador interno, ofreci\u00f3 una visi\u00f3n general de la situaci\u00f3n actual del Informe Intermedio sobre Calidad. A continuaci\u00f3n, los socios debatieron los esfuerzos de difusi\u00f3n, incluidos los informes provisionales de difusi\u00f3n y los boletines informativos. Durante la reuni\u00f3n, los socios tambi\u00e9n revisaron y actualizaron el estado actual del Informe Intermedio, incluidos los informes financieros y el informe narrativo. La reuni\u00f3n finaliz\u00f3 con una sesi\u00f3n de preguntas y respuestas y una decisi\u00f3n conjunta sobre los pr\u00f3ximos pasos y plazos, incluida la celebraci\u00f3n de la cuarta reuni\u00f3n sobre la organizaci\u00f3n de la fase de piloto, que acoger\u00e1 el Gobierno de Estambul en Turqu\u00eda en junio de 2023.<\/p>\n","protected":false},"author":1,"featured_media":501,"comment_status":"closed","ping_status":"closed","sticky":false,"template":"","format":"standard","meta":{"_acf_changed":false,"footnotes":""},"categories":[35,37,36],"tags":[],"class_list":["post-772","post","type-post","status-publish","format-standard","has-post-thumbnail","hentry","category-noticias","category-que-hacemos","category-socios"],"acf":[],"_links":{"self":[{"href":"https:\/\/sustainableapprentices.eu\/es\/wp-json\/wp\/v2\/posts\/772","targetHints":{"allow":["GET"]}}],"collection":[{"href":"https:\/\/sustainableapprentices.eu\/es\/wp-json\/wp\/v2\/posts"}],"about":[{"href":"https:\/\/sustainableapprentices.eu\/es\/wp-json\/wp\/v2\/types\/post"}],"author":[{"embeddable":true,"href":"https:\/\/sustainableapprentices.eu\/es\/wp-json\/wp\/v2\/users\/1"}],"replies":[{"embeddable":true,"href":"https:\/\/sustainableapprentices.eu\/es\/wp-json\/wp\/v2\/comments?post=772"}],"version-history":[{"count":0,"href":"https:\/\/sustainableapprentices.eu\/es\/wp-json\/wp\/v2\/posts\/772\/revisions"}],"wp:featuredmedia":[{"embeddable":true,"href":"https:\/\/sustainableapprentices.eu\/es\/wp-json\/wp\/v2\/media\/501"}],"wp:attachment":[{"href":"https:\/\/sustainableapprentices.eu\/es\/wp-json\/wp\/v2\/media?parent=772"}],"wp:term":[{"taxonomy":"category","embeddable":true,"href":"https:\/\/sustainableapprentices.eu\/es\/wp-json\/wp\/v2\/categories?post=772"},{"taxonomy":"post_tag","embeddable":true,"href":"https:\/\/sustainableapprentices.eu\/es\/wp-json\/wp\/v2\/tags?post=772"}],"curies":[{"name":"wp","href":"https:\/\/api.w.org\/{rel}","templated":true}]}}